{"id":551089,"date":"2018-11-30T10:45:41","date_gmt":"2018-11-30T10:45:41","guid":{"rendered":"http:\/\/berliner-schloss.de\/fr\/?p=551089"},"modified":"2018-11-30T11:30:32","modified_gmt":"2018-11-30T11:30:32","slug":"plus-que-3-semaines-le-16-decembre-lexposition-du-chateau-se-terminera-dans-la-humboldt-box","status":"publish","type":"post","link":"https:\/\/berliner-schloss.de\/fr\/allgemein\/plus-que-3-semaines-le-16-decembre-lexposition-du-chateau-se-terminera-dans-la-humboldt-box\/","title":{"rendered":"PLUS QUE 3 SEMAINES : le 16 d\u00e9cembre l&#8217;exposition du ch\u00e2teau se terminera dans la Humboldt-Box!"},"content":{"rendered":"<header>\u00a0<\/header>\n<div class=\"entry-content\">\n<figure id=\"attachment_557595\" class=\"wp-caption alignleft\"><img loading=\"lazy\" decoding=\"async\" class=\"wp-image-557595\" src=\"https:\/\/berliner-schloss.de\/wp-content\/uploads\/humboldt-box-stadtmodell-06-300x199.jpg\" alt=\"\" width=\"354\" height=\"235\" \/><\/figure>\n<p>&nbsp;<\/p>\n<p>Depuis 2011, la Humboldt Box est pr\u00e9sente au plus pr\u00e8s du chantier du ch\u00e2teau. Au premier \u00e9tage se trouve l&#8217;exposition de la reconstruction du ch\u00e2teau de Berlin non seulement en tant que centre d&#8217;information mais aussi comme point de rassemblement d&#8217;une collecte de dons performante.<\/p>\n<p>Du fait de l&#8217;arriv\u00e9e \u00e0 son terme de la Humboldt Box et des \u00e9ch\u00e9ances strictes du chantier, l&#8217;association de soutien F\u00f6rderverein Berliner Schloss e.V. doit d\u00e9j\u00e0 au 16 d\u00e9cembre mettre une fin \u00e0 son exposition du ch\u00e2teau.<\/p>\n<p><strong>\u00a0<\/strong><\/p>\n<p>L&#8217;objet le plus important de l&#8217;exposition est le grand mod\u00e8le historique de Berlin autour de 1900 (ci-dessus en photo). Sur une surface de pr\u00e8s de 30m\u00b2, on peut y admirer toute la beaut\u00e9 du Berlin de l&#8217;\u00e9poque.<\/p>\n<p>De plus, il y a un petit cin\u00e9ma avec des films sur l&#8217;histoire du ch\u00e2teau et les visions de sa reconstruction, un mod\u00e8le en forme de tiroirs sur le concept d&#8217;utilisation du b\u00e2timent en tant que Humboldt Forum ainsi que plusieurs gros mod\u00e8les en pl\u00e2tre et en gr\u00e8s, comme pr\u00e9sentations du savoir-faire des tailleurs de pierre dans la reconstruction des fa\u00e7ades baroques.<\/p>\n<p>&nbsp;<\/p>\n<p><img loading=\"lazy\" decoding=\"async\" class=\"wp-image-557596 alignright\" src=\"https:\/\/berliner-schloss.de\/wp-content\/uploads\/humboldt-box-stadtmodell-01-300x199.jpg\" alt=\"\" width=\"489\" height=\"324\" \/><\/p>\n<p>Chaque jour, des b\u00e9n\u00e9voles avertis du Cercle de Soutien berlinois se relayent pour vous donner toutes les informations sur le ch\u00e2teau de Berlin. Des employ\u00e9s sont aussi l\u00e0 pour conseiller les donateurs int\u00e9ress\u00e9s.<\/p>\n<p>&#8220;<em>Sans notre exposition du ch\u00e2teau dans la Humboldt Box de Berlin nous n&#8217;aurions pas pu avoir un tel succ\u00e8s dans notre collecte de dons<\/em>&#8220;, reconna\u00eet Wilhelm von Boddien,directeur de l&#8217;association de soutien\u00a0Berliner Schloss e.V. <em>\u201e <\/em><em>en 2019, <\/em><em>nous allons continuer <\/em><em>\u00e9galement <\/em><em> notre collecte de dons et notre travail d&#8217;information <\/em><em>et esp\u00e9rons pouvoir r\u00e9-ouvrir une nouvelle exposition du ch\u00e2teau au m\u00eame endroit devant la fa\u00e7ade du Lustgarten au d\u00e9but 2019. &#8221;<br \/>\n<\/em><\/p>\n<p>&nbsp;<\/p>\n<p>Les visiteurs qui souhaitent d\u00e9couvrir ou revoir l&#8217;exposition du ch\u00e2teau dans la Humboldt-Box ont donc jusqu&#8217;au <strong>dimanche 16 d\u00e9cembre, tous les jours de 10h \u00e0 18h<\/strong>. L&#8217;entr\u00e9e est gratuite.<\/p>\n<p>&nbsp;<\/p>\n<p><em>L&#8217;association de soutien F\u00f6rderverein Berliner Schloss e.V.s&#8217;engage depuis 1992 pour la reconstruction du ch\u00e2teau dans ses fa\u00e7ades et ses cours historiques d&#8217;origine et met \u00e0 disposition les fonds n\u00e9cessaires par une \u00e9norme campagne de collecte de dons. Actuellement 86 millions \u20ac ont \u00e9t\u00e9 rassembl\u00e9s sur les 105 millions \u20ac n\u00e9cessaires. Il manque donc encore 19 millions \u20ac.<br \/>\n<\/em><\/p>\n<p>&nbsp;<\/p>\n<p>Cr\u00e9dits photo : F\u00f6rderverein Berliner Schloss e.V.<\/p>\n<\/div>\n","protected":false},"excerpt":{"rendered":"<p>\u00a0 &nbsp; Depuis 2011, la Humboldt Box est pr\u00e9sente au plus pr\u00e8s du chantier du ch\u00e2teau. Au premier \u00e9tage se trouve l&#8217;exposition de la reconstruction du ch\u00e2teau de Berlin non [&hellip;]<\/p>\n","protected":false},"author":4,"featured_media":551099,"comment_status":"open","ping_status":"open","sticky":false,"template":"","format":"standard","meta":{"_acf_changed":false,"footnotes":""},"categories":[1],"tags":[],"class_list":["post-551089","post","type-post","status-publish","format-standard","has-post-thumbnail","hentry","category-allgemein"],"acf":[],"_links":{"self":[{"href":"https:\/\/berliner-schloss.de\/fr\/wp-json\/wp\/v2\/posts\/551089","targetHints":{"allow":["GET"]}}],"collection":[{"href":"https:\/\/berliner-schloss.de\/fr\/wp-json\/wp\/v2\/posts"}],"about":[{"href":"https:\/\/berliner-schloss.de\/fr\/wp-json\/wp\/v2\/types\/post"}],"author":[{"embeddable":true,"href":"https:\/\/berliner-schloss.de\/fr\/wp-json\/wp\/v2\/users\/4"}],"replies":[{"embeddable":true,"href":"https:\/\/berliner-schloss.de\/fr\/wp-json\/wp\/v2\/comments?post=551089"}],"version-history":[{"count":2,"href":"https:\/\/berliner-schloss.de\/fr\/wp-json\/wp\/v2\/posts\/551089\/revisions"}],"predecessor-version":[{"id":551091,"href":"https:\/\/berliner-schloss.de\/fr\/wp-json\/wp\/v2\/posts\/551089\/revisions\/551091"}],"wp:featuredmedia":[{"embeddable":true,"href":"https:\/\/berliner-schloss.de\/fr\/wp-json\/wp\/v2\/media\/551099"}],"wp:attachment":[{"href":"https:\/\/berliner-schloss.de\/fr\/wp-json\/wp\/v2\/media?parent=551089"}],"wp:term":[{"taxonomy":"category","embeddable":true,"href":"https:\/\/berliner-schloss.de\/fr\/wp-json\/wp\/v2\/categories?post=551089"},{"taxonomy":"post_tag","embeddable":true,"href":"https:\/\/berliner-schloss.de\/fr\/wp-json\/wp\/v2\/tags?post=551089"}],"curies":[{"name":"wp","href":"https:\/\/api.w.org\/{rel}","templated":true}]}}