{"id":551083,"date":"2018-08-25T08:48:03","date_gmt":"2018-08-25T08:48:03","guid":{"rendered":"http:\/\/berliner-schloss.de\/fr\/?p=551083"},"modified":"2018-09-10T08:49:53","modified_gmt":"2018-09-10T08:49:53","slug":"nouvelle-edition-daffiches-de-lartiste-alina-maria-schutte","status":"publish","type":"post","link":"https:\/\/berliner-schloss.de\/fr\/allgemein\/nouvelle-edition-daffiches-de-lartiste-alina-maria-schutte\/","title":{"rendered":"Nouvelle \u00e9dition d&#8217;affiches de l&#8217;artiste Alina Maria Sch\u00fctte."},"content":{"rendered":"<header>\u00a0<\/header>\n<div class=\"entry-content\">\n<p><img loading=\"lazy\" decoding=\"async\" class=\"size-medium wp-image-557085 alignleft\" src=\"https:\/\/berliner-schloss.de\/wp-content\/uploads\/konzert-plakat-schuette--213x300.jpeg\" alt=\"\" width=\"213\" height=\"300\" \/><\/p>\n<p>A l&#8217;occasion d&#8217;un grand concert de bienfaisance de l&#8217;Orchestre philharmonique de Berlin,\u00a0<strong>Berliner Philharmonikern, <\/strong>le 25 ao\u00fbt 2018, l&#8217;artiste Alina Maria Sch\u00fctte a \u00e9dit\u00e9 une nouvelle affiche artistique.<\/p>\n<p>L&#8217;artiste a utilis\u00e9 le motif d&#8217;un tournesol comme un symbole de la Cour de Schl\u00fcter. On compte en tout 220 tournesols sous les chapiteaux de la cour de Schl\u00fcter. La couleur du tournesol sur l&#8217;affiche est bleue, il repr\u00e9sente la paix, l&#8217;harmonie et la satisfaction. Le tournesol est lui-m\u00eame un symbole de joie de vivre, de gaiet\u00e9 et de l&#8217;\u00e9t\u00e9.<\/p>\n<p>Les contours du violon en bas de l&#8217;affiche planent sur un arri\u00e8re-plan orange comme interpr\u00e9tation de la convivialit\u00e9 et du plaisir.<\/p>\n<p>Tous ces symboles correspondent parfaitement \u00e0 ce grand \u00e9v\u00e8nement, le concert de l&#8217;orchestre philharmonique de Berlin dans la Cour de Schl\u00fcter.<\/p>\n<p>&nbsp;<\/p>\n<p>Cette affiche artistique est limit\u00e9e \u00e0 250, elles sont num\u00e9rot\u00e9es et d\u00e9dicac\u00e9es. Elle coute 20 euros et le total des revenus sera donn\u00e9 \u00e0 l&#8217;association du\u00a0 F\u00f6rderverein Berliner Schloss.<\/p>\n<p>L&#8217;affiche peut aussi \u00eatre command\u00e9e \u00e0 l&#8217;adresse suivante : <a href=\"mailto:amschuette@email.de\">amschuette@email.de<\/a><\/p>\n<p>Alina Maria Sch\u00fctte s&#8217;int\u00e9resse depuis maintenant 6 ans aux actualit\u00e9s du ch\u00e2teau de Berlin \/ Humboldt Forum. En tout, il y a dix \u00e9ditions d&#8217;affiches artistiques.<\/p>\n<p><em>Plus d&#8217;informations : <a href=\"http:\/\/www.art-am-schuette.com\">www.art-am-schuette.com<\/a><\/em><\/p>\n<p>&nbsp;<\/p>\n<\/div>\n","protected":false},"excerpt":{"rendered":"<p>\u00a0 A l&#8217;occasion d&#8217;un grand concert de bienfaisance de l&#8217;Orchestre philharmonique de Berlin,\u00a0Berliner Philharmonikern, le 25 ao\u00fbt 2018, l&#8217;artiste Alina Maria Sch\u00fctte a \u00e9dit\u00e9 une nouvelle affiche artistique. L&#8217;artiste a [&hellip;]<\/p>\n","protected":false},"author":4,"featured_media":551085,"comment_status":"open","ping_status":"open","sticky":false,"template":"","format":"standard","meta":{"_acf_changed":false,"footnotes":""},"categories":[1],"tags":[],"class_list":["post-551083","post","type-post","status-publish","format-standard","has-post-thumbnail","hentry","category-allgemein"],"acf":[],"_links":{"self":[{"href":"https:\/\/berliner-schloss.de\/fr\/wp-json\/wp\/v2\/posts\/551083","targetHints":{"allow":["GET"]}}],"collection":[{"href":"https:\/\/berliner-schloss.de\/fr\/wp-json\/wp\/v2\/posts"}],"about":[{"href":"https:\/\/berliner-schloss.de\/fr\/wp-json\/wp\/v2\/types\/post"}],"author":[{"embeddable":true,"href":"https:\/\/berliner-schloss.de\/fr\/wp-json\/wp\/v2\/users\/4"}],"replies":[{"embeddable":true,"href":"https:\/\/berliner-schloss.de\/fr\/wp-json\/wp\/v2\/comments?post=551083"}],"version-history":[{"count":1,"href":"https:\/\/berliner-schloss.de\/fr\/wp-json\/wp\/v2\/posts\/551083\/revisions"}],"predecessor-version":[{"id":551084,"href":"https:\/\/berliner-schloss.de\/fr\/wp-json\/wp\/v2\/posts\/551083\/revisions\/551084"}],"wp:featuredmedia":[{"embeddable":true,"href":"https:\/\/berliner-schloss.de\/fr\/wp-json\/wp\/v2\/media\/551085"}],"wp:attachment":[{"href":"https:\/\/berliner-schloss.de\/fr\/wp-json\/wp\/v2\/media?parent=551083"}],"wp:term":[{"taxonomy":"category","embeddable":true,"href":"https:\/\/berliner-schloss.de\/fr\/wp-json\/wp\/v2\/categories?post=551083"},{"taxonomy":"post_tag","embeddable":true,"href":"https:\/\/berliner-schloss.de\/fr\/wp-json\/wp\/v2\/tags?post=551083"}],"curies":[{"name":"wp","href":"https:\/\/api.w.org\/{rel}","templated":true}]}}