{"id":550910,"date":"2017-04-01T09:41:32","date_gmt":"2017-04-01T09:41:32","guid":{"rendered":"http:\/\/berliner-schloss.de\/fr\/?p=550910"},"modified":"2017-05-10T09:54:00","modified_gmt":"2017-05-10T09:54:00","slug":"des-oeuvres-dart-detruites-mais-exemplairement-reconstruites","status":"publish","type":"post","link":"https:\/\/berliner-schloss.de\/fr\/allgemein\/des-oeuvres-dart-detruites-mais-exemplairement-reconstruites\/","title":{"rendered":"Des oeuvres d&#8217;art d\u00e9truites &#8211; mais exemplairement reconstruites"},"content":{"rendered":"<div class=\"wpb-content-wrapper\"><div class=\"entry-content\">\n<div class=\"pf-content\">\n<div class=\"vc_row wpb_row vc_row-fluid\">\n<div class=\"wpb_column vc_column_container vc_col-sm-12\">\n<div class=\"vc_column-inner \">\n<div class=\"wpb_wrapper\">\n<div class=\"wpb_text_column wpb_content_element \">\n<div class=\"wpb_wrapper\">\n<h2>Le ch\u00e2teau de Berlin avant la 2e guerre mondiale<\/h2>\n<\/div>\n<\/div>\n<\/div>\n<\/div>\n<\/div>\n<\/div>\n<div class=\"vc_row wpb_row vc_row-fluid\">\n<div class=\"wpb_column vc_column_container vc_col-sm-12\">\n<div class=\"vc_column-inner \">\n<div class=\"wpb_wrapper\">\n<div class=\"wpb_single_image wpb_content_element vc_align_center\">\n<figure class=\"wpb_wrapper vc_figure\">\n<div class=\"vc_single_image-wrapper vc_box_border_grey\"><img loading=\"lazy\" decoding=\"async\" class=\"vc_single_image-img attachment-full lazyloaded aligncenter\" src=\"http:\/\/berliner-schloss.de\/wp-content\/uploads\/berliner_extrablatt_ausgabe-83_low_seite_22_bild_0001.jpg\" alt=\"\" width=\"752\" height=\"1024\" \/><\/div>\n<\/figure>\n<\/div>\n<\/div>\n<\/div>\n<\/div>\n<\/div>\n<div class=\"vc_row wpb_row vc_row-fluid\">\n<div class=\"wpb_column vc_column_container vc_col-sm-12\">\n<div class=\"vc_column-inner \">\n<div class=\"wpb_wrapper\">\n<div class=\"wpb_text_column wpb_content_element vc_custom_1435157346633\">\n<div class=\"wpb_wrapper\">\n<p style=\"text-align: left\"><strong>La fa\u00e7ade Nord du ch\u00e2teau de Berlin donnant sur le Lustgarten. La reconstruction de la terrasse historique du Lustgarten datant du milieu du XIXe s. n&#8217;a pas encore \u00e9t\u00e9 d\u00e9cid\u00e9e, ni le retour de la statue des dresseurs de chevaux ni celle des princes d&#8217;Orange actuellement situ\u00e9e dans le Kleistpark \u00e0 Berlin. Cette photo montre avec insistance comment la terrasse est un interm\u00e9diaire entre le Lustgarten et les belles fa\u00e7ades de Schl\u00fcter et d&#8217;Eosander et comment elle donne au ch\u00e2teau un environnement honorable.<\/strong><\/p>\n<\/div>\n<\/div>\n<\/div>\n<\/div>\n<\/div>\n<\/div>\n<div class=\"vc_row wpb_row vc_row-fluid\">\n<div class=\"wpb_column vc_column_container vc_col-sm-6\">\n<div class=\"vc_column-inner \">\n<div class=\"wpb_wrapper\">\n<div class=\"wpb_single_image wpb_content_element vc_align_center\">\n<figure class=\"wpb_wrapper vc_figure\"><a class=\"vc_single_image-wrapper vc_box_border_grey\" href=\"http:\/\/berliner-schloss.de\/wp-content\/uploads\/berliner_extrablatt_ausgabe-83_low_seite_23_bild_0002.jpg\" target=\"_self\"><img loading=\"lazy\" decoding=\"async\" class=\"vc_single_image-img attachment-full lazyloaded alignleft\" src=\"http:\/\/berliner-schloss.de\/wp-content\/uploads\/berliner_extrablatt_ausgabe-83_low_seite_23_bild_0002.jpg\" alt=\"\" width=\"245\" height=\"333\" \/><\/a><\/p>\n<div class=\"wpb_single_image wpb_content_element vc_align_center\">\n<figure class=\"wpb_wrapper vc_figure\">\n<div class=\"vc_single_image-wrapper vc_box_border_grey\"><img loading=\"lazy\" decoding=\"async\" class=\"vc_single_image-img attachment-full lazyloaded aligncenter\" src=\"http:\/\/berliner-schloss.de\/wp-content\/uploads\/berliner_extrablatt_ausgabe-83_low_seite_23_bild_0001.jpg\" alt=\"\" width=\"260\" height=\"356\" \/><\/div>\n<\/figure>\n<\/div>\n<\/figure>\n<\/div>\n<div class=\"wpb_single_image wpb_content_element vc_align_center\">\n<p>&nbsp;<\/p>\n<p style=\"text-align: left\"><em>Photo : sculpteur Andreas Hoferick, Berlin<\/em><\/p>\n<p style=\"text-align: left\"><strong>La grande cartouche d&#8217;Eosander situ\u00e9e sur l&#8217;avant-corps de la fa\u00e7ade du Lustgarten est une all\u00e9gorie \u00e0 la gloire royale. Deux messag\u00e8res divines annoncent avec bruit l&#8217;adjonction de la cartouche avec les initiales royales. Ainsi le ch\u00e2teau prend la symbolique d&#8217;une maison des dieux et le monarque est divinis\u00e9. Sa reconstruction, ici un mod\u00e8le de 2014, sera adjointe \u00e0 la fa\u00e7ade fin 2017.<br \/>\n<\/strong><\/p>\n<\/div>\n<\/div>\n<\/div>\n<\/div>\n<\/div>\n<div class=\"vc_row wpb_row vc_row-fluid\">\n<div class=\"wpb_column vc_column_container vc_col-sm-12\">\n<div class=\"vc_column-inner \">\n<div class=\"wpb_wrapper\">\n<div class=\"wpb_text_column wpb_content_element \">\n<div class=\"wpb_wrapper\">\n<h2>La grande cartouche d&#8217;Eosander avait \u00e9t\u00e9 compl\u00e8tement d\u00e9truite et a pu \u00eatre reprise de mani\u00e8re authentique!<\/h2>\n<\/div>\n<\/div>\n<\/div>\n<\/div>\n<\/div>\n<\/div>\n<div class=\"vc_row wpb_row vc_row-fluid\">\n<div class=\"wpb_column vc_column_container vc_col-sm-12\">\n<div class=\"vc_column-inner \">\n<div class=\"wpb_wrapper\">\n<div class=\"wpb_text_column wpb_content_element \">\n<div class=\"wpb_wrapper\">\n<p style=\"text-align: left\">Jusqu&#8217;\u00e0 pr\u00e9sent nous avons l&#8217;espoir que la reconstruction des fa\u00e7ades du ch\u00e2teau en gr\u00e8s s&#8217;int\u00e9grerait au calendrier pr\u00e9vu de l&#8217;\u00e9dification du Humboldt Forum. Il y a eu de nombreuses candidatures de sculpteurs qualifi\u00e9s et d&#8217;entreprises de pierres naturelles. Mais toutes les conceptions anciennes se basaient sur du travail manuel. En fin de compte un bloc de pierres de 16 tonnes correspond \u00e0 9 tonnes de scultpure. Les 7 tonnes restantes devaient \u00eatre d\u00e9blay\u00e9es \u00e0 la main pour d\u00e9gager le portrait. Auparavant un \u00e9norme travail de d\u00e9tective avait \u00e9t\u00e9 r\u00e9alis\u00e9 pour planifier la reconstruction de chaque \u00e9l\u00e9ment, parfois \u00e0 partir de tr\u00e8s bonnes photos, parfois d&#8217;autres bien flout\u00e9es et sans plan de restauration et avec peu de mesure d\u00e9taill\u00e9es.<\/p>\n<p><img loading=\"lazy\" decoding=\"async\" class=\"vc_single_image-img attachment-full lazyloaded alignleft\" src=\"http:\/\/berliner-schloss.de\/wp-content\/uploads\/berliner_extrablatt_ausgabe-83_low_seite_23_bild_0003.jpg\" alt=\"\" width=\"539\" height=\"341\" \/><\/p>\n<\/div>\n<\/div>\n<\/div>\n<\/div>\n<\/div>\n<\/div>\n<div class=\"vc_row wpb_row vc_row-fluid\">\n<div class=\"wpb_column vc_column_container vc_col-sm-12\">\n<div class=\"vc_column-inner \">\n<div class=\"wpb_wrapper\">\n<div class=\"wpb_text_column wpb_content_element \">\n<div class=\"wpb_wrapper\">\n<p><em>Photo: Sculpteur Andreas Hoferick, Berlin<\/em><\/p>\n<\/div>\n<\/div>\n<\/div>\n<\/div>\n<\/div>\n<\/div>\n<div class=\"vc_row wpb_row vc_row-fluid\">\n<div class=\"wpb_column vc_column_container vc_col-sm-12\">\n<div class=\"vc_column-inner \">\n<div class=\"wpb_wrapper\">\n<div class=\"wpb_text_column wpb_content_element \">\n<div class=\"wpb_wrapper\">\n<h2>L&#8217;Antiquit\u00e9 a d\u00e9termin\u00e9 l&#8217;iconographie du ch\u00e2teau de Berlin.<\/h2>\n<\/div>\n<\/div>\n<\/div>\n<\/div>\n<\/div>\n<\/div>\n<div class=\"vc_row wpb_row vc_row-fluid\">\n<div class=\"wpb_column vc_column_container vc_col-sm-12\">\n<div class=\"vc_column-inner \">\n<div class=\"wpb_wrapper\">\n<div class=\"wpb_text_column wpb_content_element \">\n<div class=\"wpb_wrapper\">\n<p>Le prince \u00e9lecteur Fr\u00e9d\u00e9ric III de Brandeburg (1657-1713) voulait se rehausser au rang de roi, notamment \u00e0 cause de son ambition d&#8217;\u00eatre un grand prince au centre de l&#8217;Europe. C&#8217;\u00e9tait la p\u00e9riode de l&#8217;absolutisme. En France Louis XIV, le roi soleil, se construisait un ch\u00e2teau luxurueux \u00e0 Versailles. Fr\u00e9d\u00e9ric III gouvernait sur une r\u00e9gion pauvre, surnomm\u00e9e &#8220;Streusandb\u00fcchse&#8221; la boite \u00e0 sable du Saint Empire romain germanique. L&#8217;empire \u00e9tait administr\u00e9 de Vienne par l&#8217;Archiduc d&#8217;Autriche, avec directement en dessous de lui les princes \u00e9lecteurs autonomes dans leurs provinces. Ils n&#8217;\u00e9taient pas des rois et ne pouvaient pas l&#8217;\u00eatre.<\/p>\n<p>Suite \u00e0 des h\u00e9ritages, la principaut\u00e9 de Brandenburg s&#8217;\u00e9largit sur une grande partie de la Prusse orientale. Elle se situait hors du Saint Empire. Suite \u00e0 un accord avec l&#8217;Empereur, Fr\u00e9d\u00e9ric III put se couronner Roi \u00e0 K\u00f6nigsberg et devient Fr\u00e9d\u00e9ric Ier, Roi <em>en<\/em> Prusse. Afin de se repr\u00e9senter \u00e0 la hauteur de son rang, il fit construire deux somptueux ch\u00e2teaux \u00e0 Berlin et \u00e0 Charlottenburg, l&#8217;un comme r\u00e9sidence d&#8217;hiver, l&#8217;autre d&#8217;\u00e9t\u00e9. Le jeune royaume a recours aux traditions divines de l&#8217;Antiquit\u00e9 et de cel\u00e0 naquit la sanction divine.<\/p>\n<p>Par cons\u00e9quent, les fa\u00e7ades du ch\u00e2teau \u00e9taient richement par\u00e9es de groupes d&#8217;esprits protecteurs, dits <em>fama<\/em>, qui portaient des armoiries avec les initiales du Roi, lui conf\u00e9rant ainsi un aspect divin. Des symboles antiques d&#8217;animaux sacrifi\u00e9s, comme des bucranes, cr\u00e2nes de boeufs, et des t\u00eates de b\u00e9lier ornaient les fen\u00eatres des appartements et des salles royales. Ils repr\u00e9sentaient les sacrifices aux divinit\u00e9s pour solliciter la bienveillance des dieux au jeune royaume.<\/p>\n<p>Le tout \u00e9tait compl\u00e9t\u00e9 par des statues aux all\u00e9gories de nombreux dieux, demi-dieux et des vertus sur les p\u00e9diestaux des portails.<\/p>\n<p><img loading=\"lazy\" decoding=\"async\" class=\"vc_single_image-img attachment-full lazyloaded alignnone\" src=\"http:\/\/berliner-schloss.de\/wp-content\/uploads\/berliner_extrablatt_ausgabe-83_low_seite_24_bild_0001.jpg\" alt=\"\" width=\"382\" height=\"552\" \/><\/p>\n<\/div>\n<\/div>\n<\/div>\n<\/div>\n<\/div>\n<\/div>\n<div class=\"vc_row wpb_row vc_row-fluid\">\n<div class=\"wpb_column vc_column_container vc_col-sm-12\">\n<div class=\"vc_column-inner \">\n<div class=\"wpb_wrapper\">\n<div class=\"wpb_text_column wpb_content_element vc_custom_1475590335510\">\n<div class=\"wpb_wrapper\">\n<p style=\"text-align: left\"><strong>La <em>fama<\/em> de droite dans la cartouche d&#8217;Eosander, \u00e0 l&#8217;echelle 1: 3 <\/strong><\/p>\n<p style=\"text-align: left\">(Photo : sculpteur Andreas Hoferick, Berlin)<strong><br \/>\n<\/strong><\/p>\n<p><img loading=\"lazy\" decoding=\"async\" class=\"vc_single_image-img attachment-full lazyloaded\" src=\"http:\/\/berliner-schloss.de\/wp-content\/uploads\/berliner_extrablatt_ausgabe-83_low_seite_24_bild_0002.jpg\" alt=\"\" width=\"773\" height=\"470\" \/><\/p>\n<\/div>\n<\/div>\n<\/div>\n<\/div>\n<\/div>\n<\/div>\n<div class=\"vc_row wpb_row vc_row-fluid\">\n<div class=\"wpb_column vc_column_container vc_col-sm-12\">\n<div class=\"vc_column-inner \">\n<div class=\"wpb_wrapper\">\n<div class=\"wpb_text_column wpb_content_element vc_custom_1475590362113\">\n<div class=\"wpb_wrapper\">\n<p><strong>D&#8217;\u00e9tranges traces dans le gr\u00e8s posent une devinette. La solution : ce sont des traces de fraisages d&#8217;un robot!<\/strong><\/p>\n<p>(Photo :\u00a0Sven Schubert, Dresden-Hellerau\/Wilschdorf)<\/p>\n<p><img loading=\"lazy\" decoding=\"async\" class=\"vc_single_image-img attachment-full lazyloaded aligncenter\" src=\"http:\/\/berliner-schloss.de\/wp-content\/uploads\/berliner_extrablatt_ausgabe-83_low_seite_25_bild_0002.jpg\" alt=\"\" width=\"775\" height=\"552\" \/><\/p>\n<\/div>\n<\/div>\n<\/div>\n<\/div>\n<\/div>\n<\/div>\n<div class=\"vc_row wpb_row vc_row-fluid\" style=\"text-align: left\">\u00a0<strong>Les angelots de la grande cartouche d&#8217;Eosander sont aussi transpos\u00e9s d&#8217;un moule en pl\u00e2tre (en arri\u00e8re-plan) \u00e0 la pierre de gr\u00e8s (devant).\u00a0<\/strong><\/div>\n<div class=\"vc_row wpb_row vc_row-fluid\">\n<div class=\"wpb_column vc_column_container vc_col-sm-12\">\n<div class=\"vc_column-inner \">\n<div class=\"wpb_wrapper\">\n<div class=\"wpb_text_column wpb_content_element vc_custom_1475590407489\">\n<div class=\"wpb_wrapper\">\n<p><em>(toutes les autres photos : Sven Schubert, Dresden-Hellerau\/Wilschdorf)<\/em><\/p>\n<\/div>\n<\/div>\n<\/div>\n<\/div>\n<\/div>\n<\/div>\n<div class=\"vc_row wpb_row vc_row-fluid\">\n<div class=\"wpb_column vc_column_container vc_col-sm-6\">\n<div class=\"vc_column-inner \">\n<div class=\"wpb_wrapper\">\n<div class=\"wpb_single_image wpb_content_element vc_align_center\">\n<figure class=\"wpb_wrapper vc_figure\">\n<div class=\"vc_single_image-wrapper vc_box_border_grey\"><img loading=\"lazy\" decoding=\"async\" class=\"vc_single_image-img attachment-full lazyloaded\" src=\"http:\/\/berliner-schloss.de\/wp-content\/uploads\/berliner_extrablatt_ausgabe-83_low_seite_25_bild_0003.jpg\" alt=\"\" width=\"277\" height=\"149\" \/><\/div>\n<div class=\"vc_single_image-wrapper vc_box_border_grey\"><img loading=\"lazy\" decoding=\"async\" class=\"vc_single_image-img attachment-full lazyloaded\" src=\"http:\/\/berliner-schloss.de\/wp-content\/uploads\/berliner_extrablatt_ausgabe-83_low_seite_25_bild_0004.jpg\" alt=\"\" width=\"276\" height=\"148\" \/><\/div>\n<\/figure>\n<\/div>\n<\/div>\n<\/div>\n<\/div>\n<div class=\"wpb_column vc_column_container vc_col-sm-6\"><strong>La t\u00eate du dieu au-dessus des initiales sinueuses du roi \u201eFI\u201c est transpos\u00e9e avec la m\u00e9thode classique du pointage avec une trianglerie reglable avec grande pr\u00e9cision sur la pierre.<\/strong><\/div>\n<\/div>\n<div class=\"vc_row wpb_row vc_row-fluid\">\n<div class=\"wpb_column vc_column_container vc_col-sm-12\">\n<div class=\"vc_column-inner \">\n<div class=\"wpb_wrapper\">\n<div class=\"wpb_text_column wpb_content_element vc_custom_1435070866837\">\n<div class=\"wpb_wrapper\">\n<p>&nbsp;<\/p>\n<\/div>\n<\/div>\n<\/div>\n<\/div>\n<\/div>\n<\/div>\n<div class=\"vc_row wpb_row vc_row-fluid\">\n<div class=\"wpb_column vc_column_container vc_col-sm-12\">\n<div class=\"vc_column-inner \">\n<div class=\"wpb_wrapper\">\n<div class=\"wpb_single_image wpb_content_element vc_align_center\">\n<figure class=\"wpb_wrapper vc_figure\">\n<div class=\"vc_single_image-wrapper vc_box_border_grey\"><img loading=\"lazy\" decoding=\"async\" class=\"vc_single_image-img attachment-full lazyloaded aligncenter\" src=\"http:\/\/berliner-schloss.de\/wp-content\/uploads\/berliner_extrablatt_ausgabe-83_low_seite_25_bild_0001.jpg\" alt=\"\" width=\"380\" height=\"470\" \/><\/div>\n<\/figure>\n<\/div>\n<\/div>\n<\/div>\n<\/div>\n<\/div>\n<div class=\"vc_row wpb_row vc_row-fluid\">\n<div class=\"wpb_column vc_column_container vc_col-sm-12\">\n<div class=\"vc_column-inner \">\n<div class=\"wpb_wrapper\">\n<div class=\"wpb_text_column wpb_content_element vc_custom_1475590449064\">\n<div class=\"wpb_wrapper\">\n<p style=\"text-align: left\"><strong>Cette photo montre la position de l&#8217;angelot travaill\u00e9 dans la photo pr\u00e9c\u00e9dente. On reconna\u00eet bien la taille de la pierre qui donne la mesure pour chaque pierre naturelle.<br \/>\n<\/strong><\/p>\n<p><em>(Sculpteur Andreas Hoferick, Berlin)<\/em><\/p>\n<\/div>\n<\/div>\n<\/div>\n<\/div>\n<\/div>\n<\/div>\n<div class=\"vc_row wpb_row vc_row-fluid\">\n<div class=\"wpb_column vc_column_container vc_col-sm-12\">\n<div class=\"vc_column-inner \">\n<div class=\"wpb_wrapper\">\n<div class=\"wpb_single_image wpb_content_element vc_align_center\">\n<figure class=\"wpb_wrapper vc_figure\">\n<div class=\"vc_single_image-wrapper vc_box_border_grey\"><img loading=\"lazy\" decoding=\"async\" class=\"vc_single_image-img attachment-full lazyloaded aligncenter\" src=\"http:\/\/berliner-schloss.de\/wp-content\/uploads\/berliner_extrablatt_ausgabe-83_low_seite_26_bild_0001.jpg\" alt=\"\" width=\"771\" height=\"1024\" \/><\/div>\n<\/figure>\n<\/div>\n<\/div>\n<\/div>\n<\/div>\n<\/div>\n<div class=\"vc_row wpb_row vc_row-fluid\">\n<div class=\"wpb_column vc_column_container vc_col-sm-12\">\n<div class=\"vc_column-inner \">\n<div class=\"wpb_wrapper\">\n<div class=\"wpb_text_column wpb_content_element vc_custom_1475590476009\">\n<div class=\"wpb_wrapper\">\n<p style=\"text-align: left\"><strong>Entour\u00e9 de 12 experts, l&#8217;\u00e9brasement d&#8217;une fen\u00eatre au bucrane au premier \u00e9tage du ch\u00e2teau est pr\u00eat. Le terme de bucrane signifie la t\u00eate de boeuf au centre de la cartouche de la fen\u00eatre, un animal donn\u00e9 en offrande de l&#8217;Antiquit\u00e9. Par sa pr\u00e9sence sur un immeuble, il est montr\u00e9 aux divinit\u00e9s que l&#8217;on leur a amen\u00e9 une offrande pour les amadouer. Dans le style baroque la pr\u00e9sence divine est ainsi soulign\u00e9e par des ouvrages magnifiquement d\u00e9cor\u00e9s. <\/strong><\/p>\n<p style=\"text-align: left\"><strong>La photo montre \u00e9galement l&#8217;imposante dimension de la fen\u00eatre qui s&#8217;harmonise \u00e0 la fa\u00e7ade du ch\u00e2teau. Les pierres fonc\u00e9es sont en fait encore humides des cascades d&#8217;eau du robot. Une fois s\u00e8ches, elles seront aussi claires que les autres.\u00a0 <\/strong><strong><br \/>\n<\/strong><\/p>\n<p><em>(Photo : tailleur de pierres naturelles Hermann Graser, Bamberg)<\/em><\/p>\n<\/div>\n<\/div>\n<\/div>\n<\/div>\n<\/div>\n<\/div>\n<div class=\"vc_row wpb_row vc_row-fluid\">\n<div class=\"wpb_column vc_column_container vc_col-sm-4\">\n<div class=\"vc_column-inner \">\n<div class=\"wpb_wrapper\">\n<div class=\"wpb_single_image wpb_content_element vc_align_center\">\n<figure class=\"wpb_wrapper vc_figure\">\n<div class=\"vc_single_image-wrapper vc_box_border_grey\">\n<p><img loading=\"lazy\" decoding=\"async\" class=\"vc_single_image-img attachment-full lazyloaded alignleft\" src=\"http:\/\/berliner-schloss.de\/wp-content\/uploads\/berliner_extrablatt_ausgabe-83_low_seite_27_bild_0001.jpg\" alt=\"\" width=\"182\" height=\"248\" \/> \u00a0 \u00a0 \u00a0 \u00a0 \u00a0 \u00a0 \u00a0 \u00a0 \u00a0\u00a0\u00a0<img loading=\"lazy\" decoding=\"async\" class=\"vc_single_image-img attachment-full lazyloaded alignright\" src=\"http:\/\/berliner-schloss.de\/wp-content\/uploads\/berliner_extrablatt_ausgabe-83_low_seite_27_bild_0004.jpg\" alt=\"\" width=\"227\" height=\"307\" \/><\/p>\n<div class=\"wpb_column vc_column_container vc_col-sm-4\">\n<div class=\"vc_column-inner \">\n<div class=\"wpb_wrapper\">\n<div class=\"wpb_text_column wpb_content_element vc_custom_1435157035972\">\n<div class=\"wpb_wrapper\">\n<p><strong>La fen\u00eatre au bucrane dans le ch\u00e2teau en ruine<br \/>\n<\/strong><\/p>\n<\/div>\n<\/div>\n<\/div>\n<\/div>\n<\/div>\n<p><img loading=\"lazy\" decoding=\"async\" class=\"vc_single_image-img attachment-full lazyloaded aligncenter\" src=\"http:\/\/berliner-schloss.de\/wp-content\/uploads\/berliner_extrablatt_ausgabe-83_low_seite_27_bild_0002.jpg\" alt=\"\" width=\"216\" height=\"296\" \/><\/p>\n<p><strong>\u2026 mise de c\u00f4t\u00e9 apr\u00e8s son dynamitage mais quand m\u00eame d\u00e9truite par la suite.<\/strong><\/p>\n<\/div>\n<\/figure>\n<\/div>\n<\/div>\n<\/div>\n<\/div>\n<div class=\"wpb_column vc_column_container vc_col-sm-4\" style=\"text-align: center\"><strong>\u00a0<\/strong><\/div>\n<\/div>\n<div class=\"vc_row wpb_row vc_row-fluid\"><\/div>\n<div class=\"vc_row wpb_row vc_row-fluid\">\n<div class=\"wpb_column vc_column_container vc_col-sm-12\">\n<div class=\"vc_column-inner \">\n<div class=\"wpb_wrapper\">\n<div class=\"wpb_text_column wpb_content_element \">\n<div class=\"wpb_wrapper\">\n<p>On y retrouve le grand art barque dans sa diversit\u00e9 des formes. Des \u00e9brasures finement model\u00e9es int\u00e8grent le cr\u00e2ne de boeuf, d\u00e9cor\u00e9 de feuilles de laurier dans l&#8217;avanc\u00e9e de la fen\u00eatre. Les photos d\u00e9taillant le bucrane annoncent la diversit\u00e9 des 40 fen\u00eatres : Schl\u00fcter cr\u00e9a une expression tr\u00e8s forte, Eosander plutot ti\u00e8de et enfin B\u00f6hme une allure \u00e9legante. Des experts ont d\u00e9conseill\u00e9 la reconstruction en raison d&#8217;un manque de savoir-faire artistique d&#8217;aujourd&#8217;hui.<\/p>\n<p>Nous l&#8217;avons quand m\u00eame os\u00e9 et le r\u00e9sultat est convaincant. Diff\u00e9rents prototypes de fen\u00eatres ont \u00e9t\u00e9 r\u00e9alis\u00e9s pour rendre compte de cette diversit\u00e9. Ainsi les fa\u00e7ades retrouvent les m\u00eames vivacit\u00e9 et intensit\u00e9 qu&#8217;auparavant.<\/p>\n<\/div>\n<\/div>\n<\/div>\n<\/div>\n<\/div>\n<\/div>\n<div class=\"vc_row wpb_row vc_row-fluid\">\n<div class=\"wpb_column vc_column_container vc_col-sm-12\">\n<div class=\"vc_column-inner \">\n<div class=\"wpb_wrapper\">\n<div class=\"wpb_single_image wpb_content_element vc_align_center\">\n<div class=\"vc_single_image-wrapper vc_box_border_grey\"><img loading=\"lazy\" decoding=\"async\" class=\"vc_single_image-img attachment-full lazyloaded alignleft\" src=\"http:\/\/berliner-schloss.de\/wp-content\/uploads\/berliner_extrablatt_ausgabe-83_low_seite_28_bild_0001.jpg\" alt=\"\" width=\"772\" height=\"571\" \/><\/div>\n<\/div>\n<\/div>\n<\/div>\n<\/div>\n<\/div>\n<div class=\"vc_row wpb_row vc_row-fluid\">\n<div class=\"wpb_column vc_column_container vc_col-sm-6\">\n<div class=\"vc_column-inner \">\n<div class=\"wpb_wrapper\">\n<div class=\"wpb_text_column wpb_content_element vc_custom_1435154774526\">\n<div class=\"wpb_wrapper\">\n<p style=\"text-align: left\"><strong>Le feston des feuilles de laurier : travail m\u00e9ticuleux et individualiste du scultpeur.<br \/>\n<\/strong><\/p>\n<\/div>\n<\/div>\n<\/div>\n<\/div>\n<\/div>\n<div class=\"wpb_column vc_column_container vc_col-sm-6\">\n<div class=\"vc_column-inner \">\n<div class=\"wpb_wrapper\">\n<div class=\"wpb_text_column wpb_content_element vc_custom_1435154794992\">\n<div class=\"wpb_wrapper\">\n<p><strong>\u00a0<\/strong><\/p>\n<\/div>\n<\/div>\n<\/div>\n<\/div>\n<\/div>\n<\/div>\n<div class=\"vc_row wpb_row vc_row-fluid\">\n<div class=\"wpb_column vc_column_container vc_col-sm-12\">\n<div class=\"vc_column-inner \">\n<div class=\"wpb_wrapper\">\n<div class=\"wpb_text_column wpb_content_element \">\n<div class=\"wpb_wrapper\">\n<h3>L&#8217;art de la sculpture est la m\u00e9tamorphose de la mati\u00e8re min\u00e9rale en un grand esprit<\/h3>\n<p><em>de Wilhelm von Boddien<\/em><\/p>\n<p>Au mus\u00e9e de Delphes en Gr\u00e8ce se trouve une belle stature d&#8217;Antinous, le plus bel adolescent de l&#8217;Antiquit\u00e9. Nous \u00e9tions sans voix et saisis par cette oeuvre magnifique. La guide du mus\u00e9e assez trapue nous interpella apr\u00e8s un instant de se d\u00e9faire du jeune homme et de regarder par la fen\u00eatre le Mont Parnasse. Cette montagne semble aussi grossi\u00e8re que beaucoup d&#8217;autres choses en Gr\u00e8ce. Il \u00e9tait recouvert de houx, de gen\u00eat, de ronces et d&#8217;herbes grill\u00e9es par le soleil.<\/p>\n<p>&#8220;L&#8217;int\u00e9rieur de cette montagne est fait de marbre blanc, nous dit-elle, en elle sommeillent des milliers de jeunes hommes de la beaut\u00e9 d&#8217;Antinous. Mais seulement une fois les dieux offert la force et l&#8217;esprit \u00e0 un homme de lib\u00e9rer ce jeune homme de la montagne. Et maintenant il est l\u00e0 devant nous dans toute sa splendeur!&#8221;.<\/p>\n<p>Quelle d\u00e9finition \u00e9mouvante de l&#8217;art de la sculpture, quelle \u00e9tonnante description de la m\u00e9tamorphose d&#8217;une mati\u00e8re min\u00e9rale et froide en un esprit anim\u00e9. Cela me fait toujours penser aux carri\u00e8res de pierres en Saxe et en Sil\u00e9sie o\u00f9 ont \u00e9t\u00e9 decroch\u00e9es des \u00e9normes pierres de plusieurs tonnes pour en d\u00e9gager les fa\u00e7ades du ch\u00e2teau.<\/p>\n<p>Au temps d&#8217;Andreas Schl\u00fcter il y a 300 ans, les apprentis tailleurs de pierre d\u00e9gagaient des contours bruts des sculptures manuellement. C&#8217;est la phase la plus fastidieuse de la taille de la pierre avant d&#8217;en faire une oeuvre et qui disparaitra au final. Aujourd&#8217;hui des scies t\u00e9l\u00e9command\u00e9es, des robots, des brosses m\u00e9talliques \u00e0 \u00e9bavurage et d&#8217;autres aides technologiques comme des burins \u00e0 air comprim\u00e9 permettent d&#8217;augmenter nettement la productivit\u00e9 dans le d\u00e9gagement de la pierre et la\u00a0 r\u00e9utilisation des d\u00e9combres. Ensuite le tailleur de pierre intervient, il donne \u00e0 une pierre vierge ces premi\u00e8res notes individuelles et en fera une grande oeuvre sur les fa\u00e7ades du ch\u00e2teau.<\/p>\n<\/div>\n<\/div>\n<\/div>\n<\/div>\n<\/div>\n<\/div>\n<div class=\"vc_row wpb_row vc_row-fluid\">\n<div class=\"wpb_column vc_column_container vc_col-sm-6\"><\/div>\n<div class=\"wpb_column vc_column_container vc_col-sm-6\">\n<div class=\"vc_column-inner \">\n<div class=\"wpb_wrapper\">\n<div class=\"wpb_single_image wpb_content_element vc_align_center\">\n<figure class=\"wpb_wrapper vc_figure\">\n<div class=\"vc_single_image-wrapper vc_box_border_grey\"><img loading=\"lazy\" decoding=\"async\" class=\"vc_single_image-img attachment-full lazyloaded alignnone\" src=\"http:\/\/berliner-schloss.de\/wp-content\/uploads\/berliner_extrablatt_ausgabe-83_low_seite_28_bild_0003.jpg\" alt=\"\" width=\"382\" height=\"220\" \/><\/div>\n<\/figure>\n<\/div>\n<\/div>\n<\/div>\n<\/div>\n<\/div>\n<div class=\"vc_row wpb_row vc_row-fluid\">\n<div class=\"wpb_column vc_column_container vc_col-sm-6\">\n<div class=\"vc_column-inner \">\n<div class=\"wpb_wrapper\">\n<div class=\"wpb_text_column wpb_content_element vc_custom_1475590578838\">\n<div class=\"wpb_wrapper\">\n<p style=\"text-align: left\"><strong>Art du d\u00e9tail en sculpture depuis 300 ans.<br \/>\n<\/strong><\/p>\n<p style=\"text-align: left\"><em>(Photo du tailleur de pierres naturelles Hermann Graser, Bamberg)<\/em><\/p>\n<\/div>\n<\/div>\n<\/div>\n<\/div>\n<\/div>\n<div class=\"wpb_column vc_column_container vc_col-sm-6\">\n<div class=\"vc_column-inner \">\n<div class=\"wpb_wrapper\">\n<div class=\"wpb_text_column wpb_content_element vc_custom_1475590588289\">\n<div class=\"wpb_wrapper\">\n<p><img loading=\"lazy\" decoding=\"async\" class=\"vc_single_image-img attachment-full lazyloaded aligncenter\" src=\"http:\/\/berliner-schloss.de\/wp-content\/uploads\/berliner_extrablatt_ausgabe-83_low_seite_28_bild_0002.jpg\" alt=\"\" width=\"380\" height=\"219\" \/><\/p>\n<p style=\"text-align: center\"><strong>Bucranes en plusieurs versions, pr\u00eats \u00e0 \u00eatre int\u00e9gr\u00e9s aux fa\u00e7ades.<\/strong><\/p>\n<p style=\"text-align: center\"><em>(Photo du tailleur de pierres naturelles Hermann Graser, Bamberg)<\/em><\/p>\n<\/div>\n<\/div>\n<\/div>\n<\/div>\n<\/div>\n<\/div>\n<div class=\"vc_row wpb_row vc_row-fluid\">\n<div class=\"wpb_column vc_column_container vc_col-sm-6\">\n<div class=\"vc_column-inner \">\n<div class=\"wpb_wrapper\">\n<div class=\"wpb_single_image wpb_content_element vc_align_center\">\n<figure class=\"wpb_wrapper vc_figure\">\n<div class=\"vc_single_image-wrapper vc_box_border_grey\"><img loading=\"lazy\" decoding=\"async\" class=\"vc_single_image-img attachment-full lazyloaded alignleft\" src=\"http:\/\/berliner-schloss.de\/wp-content\/uploads\/berliner_extrablatt_ausgabe-83_low_seite_29_bild_0003.jpg\" alt=\"\" width=\"576\" height=\"637\" \/><\/div>\n<\/figure>\n<\/div>\n<\/div>\n<\/div>\n<\/div>\n<div class=\"wpb_column vc_column_container vc_col-sm-6\" style=\"text-align: left\">\u00a0<strong>Travail de pr\u00e9cision avec l&#8217;aide de l&#8217;air comprim\u00e9 du tailleur de pierres. <\/strong><\/div>\n<\/div>\n<div class=\"vc_row wpb_row vc_row-fluid\">\n<div class=\"wpb_column vc_column_container vc_col-sm-6\">\n<div class=\"vc_column-inner \">\n<div class=\"wpb_wrapper\">\n<div class=\"wpb_text_column wpb_content_element vc_custom_1475590635175\">\n<div class=\"wpb_wrapper\">\n<p style=\"text-align: left\"><em>(Photo du tailleur de pierres naturelles Hermann Graser,<\/em><em> Bamberg)<\/em><\/p>\n<p style=\"text-align: left\">\n<\/div>\n<\/div>\n<\/div>\n<\/div>\n<\/div>\n<div class=\"wpb_column vc_column_container vc_col-sm-6\">\n<div class=\"vc_column-inner \">\n<div class=\"wpb_wrapper\">\n<div class=\"wpb_text_column wpb_content_element vc_custom_1475590668087\">\n<div class=\"wpb_wrapper\">\n<p><img loading=\"lazy\" decoding=\"async\" class=\"vc_single_image-img attachment-full lazyloaded alignleft\" src=\"http:\/\/berliner-schloss.de\/wp-content\/uploads\/berliner_extrablatt_ausgabe-83_low_seite_29_bild_0001.jpg\" alt=\"\" width=\"576\" height=\"404\" \/><\/p>\n<p style=\"text-align: left\"><strong>Pratiquer une striation dans la pierre reste toujours un travail \u00e0 la main.\u00a0<\/strong><\/p>\n<p><em>(Photo :\u00a0Hofman, Werbach-Gamburg)<\/em><\/p>\n<\/div>\n<\/div>\n<\/div>\n<\/div>\n<\/div>\n<\/div>\n<div class=\"vc_row wpb_row vc_row-fluid\">\n<div class=\"wpb_column vc_column_container vc_col-sm-12\">\n<div class=\"vc_column-inner \">\n<div class=\"wpb_wrapper\">\n<div class=\"wpb_single_image wpb_content_element vc_align_center\">\n<figure class=\"wpb_wrapper vc_figure\">\n<div class=\"vc_single_image-wrapper vc_box_border_grey\"><img loading=\"lazy\" decoding=\"async\" class=\"vc_single_image-img attachment-full lazyloaded aligncenter\" src=\"http:\/\/berliner-schloss.de\/wp-content\/uploads\/berliner_extrablatt_ausgabe-83_low_seite_29_bild_0002.jpg\" alt=\"\" width=\"187\" height=\"266\" \/><\/div>\n<\/figure>\n<\/div>\n<div class=\"wpb_text_column wpb_content_element \">\n<div class=\"wpb_wrapper\">\n<p><em>(Photo du tailleur de pierres naturelles Hermann Graser, Bamberg)<\/em><\/p>\n<\/div>\n<\/div>\n<\/div>\n<\/div>\n<\/div>\n<\/div>\n<div class=\"vc_row wpb_row vc_row-fluid\">\n<div class=\"wpb_column vc_column_container vc_col-sm-12\">\n<div class=\"vc_column-inner \">\n<div class=\"wpb_wrapper\">\n<div class=\"wpb_text_column wpb_content_element \">\n<div class=\"wpb_wrapper\">\n<h2>La reconstruction du portail d&#8217;Eosander avec son d\u00f4me<\/h2>\n<\/div>\n<\/div>\n<\/div>\n<\/div>\n<\/div>\n<\/div>\n<div class=\"vc_row wpb_row vc_row-fluid\">\n<div class=\"wpb_column vc_column_container vc_col-sm-6\">\n<div class=\"vc_column-inner \">\n<div class=\"wpb_wrapper\">\n<div class=\"wpb_single_image wpb_content_element vc_align_center\">\n<figure class=\"wpb_wrapper vc_figure\">\n<div class=\"vc_single_image-wrapper vc_box_border_grey\"><img loading=\"lazy\" decoding=\"async\" class=\"vc_single_image-img attachment-full lazyloaded\" src=\"http:\/\/berliner-schloss.de\/wp-content\/uploads\/berliner_extrablatt_ausgabe-83_low_seite_30_bild_0001.jpg\" alt=\"\" width=\"772\" height=\"951\" \/><\/div>\n<\/figure>\n<\/div>\n<\/div>\n<\/div>\n<\/div>\n<div class=\"wpb_column vc_column_container vc_col-sm-6\"><\/div>\n<\/div>\n<div class=\"vc_row wpb_row vc_row-fluid\">\n<div class=\"wpb_column vc_column_container vc_col-sm-12\">\n<div class=\"vc_column-inner \">\n<div class=\"wpb_wrapper\">\n<div class=\"wpb_text_column wpb_content_element \">\n<div class=\"wpb_wrapper\">\n<p><img loading=\"lazy\" decoding=\"async\" class=\"vc_single_image-img attachment-full lazyloaded\" src=\"http:\/\/berliner-schloss.de\/wp-content\/uploads\/berliner_extrablatt_ausgabe-83_low_seite_31_bild_0001.jpg\" alt=\"\" width=\"775\" height=\"954\" \/><\/p>\n<p>Suite \u00e0 l&#8217;agrandissement du ch\u00e2teau de Berlin par le Su\u00e9dois Johann Eosander von G\u00f6the et son couronnement avec un d\u00f4me en 1850, la fa\u00e7ade ouest du ch\u00e2teau, en direction d&#8217;Unter den Linden, devient de ce fait la fa\u00e7ade de prestige. Le portail est un bloc de pierre massif, rappelant l&#8217;arc de triomphe de Septime Severe sur le Forum Romanum \u00e0 Rome, quoique beaucoup plus important que son mod\u00e8le antique. Derri\u00e8re, de grosses citernes pour l&#8217;alimentation en eau du ch\u00e2teau se camouflaient, le ch\u00e2teau ayant d\u00e9j\u00e0 partiellement l&#8217;eau courante.<\/p>\n<p>C&#8217;est pourquoi ce portail n&#8217;avait que deux petites fen\u00eatres qui \u00e9taient dissimul\u00e9es dans la principale corniche au-dessus des colonnes ; aujourd&#8217;hui elles sont bien visibles dans le gros oeuvre en b\u00e9ton comme on peut le voir sur la photo ci-dessous.<\/p>\n<p>&nbsp;<\/p>\n<\/div>\n<\/div>\n<\/div>\n<\/div>\n<\/div>\n<\/div>\n<div class=\"vc_row wpb_row vc_row-fluid\">\n<div class=\"wpb_column vc_column_container vc_col-sm-12\">\n<div class=\"vc_column-inner \">\n<div class=\"wpb_wrapper\">\n<div class=\"wpb_single_image wpb_content_element vc_align_center\">\n<figure class=\"wpb_wrapper vc_figure\">\n<div class=\"vc_single_image-wrapper vc_box_border_grey\"><img loading=\"lazy\" decoding=\"async\" class=\"vc_single_image-img attachment-full lazyloaded\" src=\"http:\/\/berliner-schloss.de\/wp-content\/uploads\/berliner_extrablatt_ausgabe-83_low_seite_32_bild_0004.jpg\" alt=\"\" width=\"774\" height=\"487\" \/><\/div>\n<\/figure>\n<\/div>\n<\/div>\n<\/div>\n<\/div>\n<\/div>\n<div class=\"vc_row wpb_row vc_row-fluid\">\n<div class=\"wpb_column vc_column_container vc_col-sm-12\">\n<div class=\"vc_column-inner \">\n<div class=\"wpb_wrapper\">\n<div class=\"wpb_text_column wpb_content_element vc_custom_1435156157494\">\n<div class=\"wpb_wrapper\">\n<p><strong>Les grands ch\u00e2piteaux composes du portail d&#8217;Eosander ainsi que ses ornamentations plastiques sont r\u00e9alis\u00e9es \u00e0 Pirna.<\/strong><\/p>\n<p>&nbsp;<\/p>\n<\/div>\n<\/div>\n<\/div>\n<\/div>\n<\/div>\n<\/div>\n<div class=\"vc_row wpb_row vc_row-fluid\">\n<div class=\"wpb_column vc_column_container vc_col-sm-6\">\n<div class=\"vc_column-inner \">\n<div class=\"wpb_wrapper\">\n<div class=\"wpb_single_image wpb_content_element vc_align_center\">\n<figure class=\"wpb_wrapper vc_figure\">\n<div class=\"vc_single_image-wrapper vc_box_border_grey\"><img loading=\"lazy\" decoding=\"async\" class=\"vc_single_image-img attachment-full lazyloaded\" src=\"http:\/\/berliner-schloss.de\/wp-content\/uploads\/berliner_extrablatt_ausgabe-83_low_seite_32_bild_0001.jpg\" alt=\"\" width=\"380\" height=\"269\" \/><\/div>\n<\/figure>\n<\/div>\n<\/div>\n<\/div>\n<\/div>\n<div class=\"wpb_column vc_column_container vc_col-sm-6\"><strong>Abaque du ch\u00e2piteau compose, avec encore la pierre brute \u00e0 droite.<\/strong><\/div>\n<\/div>\n<div class=\"vc_row wpb_row vc_row-fluid\">\n<div class=\"wpb_column vc_column_container vc_col-sm-6\">\n<div class=\"vc_column-inner \">\n<div class=\"wpb_wrapper\">\n<div class=\"wpb_text_column wpb_content_element vc_custom_1435156201505\">\n<div class=\"wpb_wrapper\">\n<p><strong>\u00a0<\/strong><\/p>\n<\/div>\n<\/div>\n<\/div>\n<\/div>\n<\/div>\n<div class=\"wpb_column vc_column_container vc_col-sm-6\">\n<div class=\"vc_column-inner \">\n<div class=\"wpb_wrapper\">\n<div class=\"wpb_text_column wpb_content_element vc_custom_1435156222374\">\n<div class=\"wpb_wrapper\">\n<p><img loading=\"lazy\" decoding=\"async\" class=\"vc_single_image-img attachment-full lazyloaded\" src=\"http:\/\/berliner-schloss.de\/wp-content\/uploads\/berliner_extrablatt_ausgabe-83_low_seite_32_bild_0005.jpg\" alt=\"\" width=\"380\" height=\"269\" \/><\/p>\n<p><strong>Le mod\u00e8le : un original sauv\u00e9.<br \/>\n<\/strong><\/p>\n<p>&nbsp;<\/p>\n<\/div>\n<\/div>\n<\/div>\n<\/div>\n<\/div>\n<\/div>\n<div class=\"vc_row wpb_row vc_row-fluid\">\n<div class=\"wpb_column vc_column_container vc_col-sm-6\">\n<div class=\"vc_column-inner \">\n<div class=\"wpb_wrapper\">\n<div class=\"wpb_single_image wpb_content_element vc_align_center\">\n<figure class=\"wpb_wrapper vc_figure\">\n<div class=\"vc_single_image-wrapper vc_box_border_grey\"><img loading=\"lazy\" decoding=\"async\" class=\"vc_single_image-img attachment-full lazyloaded\" src=\"http:\/\/berliner-schloss.de\/wp-content\/uploads\/berliner_extrablatt_ausgabe-83_low_seite_32_bild_0003.jpg\" alt=\"\" width=\"380\" height=\"251\" \/><\/div>\n<\/figure>\n<\/div>\n<\/div>\n<\/div>\n<\/div>\n<div class=\"wpb_column vc_column_container vc_col-sm-6\">\n<div class=\"vc_column-inner \">\n<div class=\"wpb_wrapper\">\n<div class=\"wpb_text_column wpb_content_element vc_custom_1435156263063\">\n<div class=\"wpb_wrapper\">\n<p><strong>Le premier tambour des colonnes est pr\u00eat.<br \/>\n<\/strong><\/p>\n<p>&nbsp;<\/p>\n<\/div>\n<\/div>\n<\/div>\n<\/div>\n<\/div>\n<\/div>\n<div class=\"vc_row wpb_row vc_row-fluid\">\n<div class=\"wpb_column vc_column_container vc_col-sm-6\">\n<div class=\"vc_column-inner \">\n<div class=\"wpb_wrapper\">\n<div class=\"wpb_text_column wpb_content_element vc_custom_1435156476600\">\n<div class=\"wpb_wrapper\">\n<p><img loading=\"lazy\" decoding=\"async\" class=\"vc_single_image-img attachment-full lazyloaded\" src=\"http:\/\/berliner-schloss.de\/wp-content\/uploads\/berliner_extrablatt_ausgabe-83_low_seite_32_bild_0002.jpg\" alt=\"\" width=\"380\" height=\"254\" \/><\/p>\n<p><strong>La partie inf\u00e9rieure du ch\u00e2piteau compose termin\u00e9e s\u00e9duit par le respect du d\u00e9tail exemplaire et sa beaut\u00e9.<\/strong><\/p>\n<\/div>\n<\/div>\n<\/div>\n<\/div>\n<\/div>\n<\/div>\n<div class=\"vc_row wpb_row vc_row-fluid\">\n<div class=\"wpb_column vc_column_container vc_col-sm-12\">\n<div class=\"vc_column-inner \">\n<div class=\"wpb_wrapper\">\n<div class=\"wpb_text_column wpb_content_element \">\n<div class=\"wpb_wrapper\">\n<p><em>Photos : carri\u00e8re de pierre en Saxe, S\u00e4chsische Sandsteinwerke, Pirna <\/em><\/p>\n<\/div>\n<\/div>\n<div class=\"wpb_single_image wpb_content_element vc_align_center\">\n<figure class=\"wpb_wrapper vc_figure\">\n<div class=\"vc_single_image-wrapper vc_box_border_grey\"><img loading=\"lazy\" decoding=\"async\" class=\"vc_single_image-img attachment-full lazyloaded\" src=\"http:\/\/berliner-schloss.de\/wp-content\/uploads\/berliner_extrablatt_ausgabe-83_low_seite_33_bild_0001.jpg\" alt=\"\" width=\"772\" height=\"504\" \/><\/div>\n<\/figure>\n<\/div>\n<\/div>\n<\/div>\n<\/div>\n<\/div>\n<div class=\"vc_row wpb_row vc_row-fluid\">\n<div class=\"wpb_column vc_column_container vc_col-sm-12\">\n<div class=\"vc_column-inner \">\n<div class=\"wpb_wrapper\">\n<div class=\"wpb_text_column wpb_content_element vc_custom_1475590845761\">\n<div class=\"wpb_wrapper\">\n<p><strong>Un d\u00e9tail reconstruit en pl\u00e2tre du grand relief d&#8217;armature au-dessus du passage \u00e0 gauche du portail.<\/strong><\/p>\n<p><em>(Photo : Tailleur de pierre Christian Ortlepp, Berlin)<\/em><\/p>\n<\/div>\n<\/div>\n<\/div>\n<\/div>\n<\/div>\n<\/div>\n<div class=\"vc_row wpb_row vc_row-fluid\">\n<h2>En conclusion, chaque \u00e9l\u00e9ment ornemental des fa\u00e7ades du ch\u00e2teau se r\u00e9alise \u00e0 la main de mani\u00e8re tr\u00e8s m\u00e9ticuleuse.<\/h2>\n<p>&nbsp;<\/p>\n<\/div>\n<div class=\"vc_row wpb_row vc_row-fluid\">\n<div class=\"wpb_column vc_column_container vc_col-sm-6\">\n<div class=\"vc_column-inner \">\n<div class=\"wpb_wrapper\">\n<div class=\"wpb_single_image wpb_content_element vc_align_center\">\n<figure class=\"wpb_wrapper vc_figure\">\n<div class=\"vc_single_image-wrapper vc_box_border_grey\">\n<p><img loading=\"lazy\" decoding=\"async\" class=\"vc_single_image-img attachment-full lazyloaded\" src=\"http:\/\/berliner-schloss.de\/wp-content\/uploads\/berliner_extrablatt_ausgabe-83_low_seite_35_bild_0001.jpg\" alt=\"\" width=\"382\" height=\"287\" \/><\/p>\n<div class=\"wpb_column vc_column_container vc_col-sm-6\">\n<div class=\"vc_column-inner \">\n<div class=\"wpb_wrapper\">\n<div class=\"wpb_text_column wpb_content_element vc_custom_1435156752849\">\n<div class=\"wpb_wrapper\">\n<p><strong>Depuis des si\u00e8cles, l&#8217;art se pratique \u00e0 partir de mod\u00e8le.<br \/>\n<\/strong><\/p>\n<\/div>\n<\/div>\n<\/div>\n<\/div>\n<\/div>\n<p><img loading=\"lazy\" decoding=\"async\" class=\"vc_single_image-img attachment-full lazyloaded\" src=\"http:\/\/berliner-schloss.de\/wp-content\/uploads\/berliner_extrablatt_ausgabe-83_low_seite_35_bild_0004.jpg\" alt=\"\" width=\"380\" height=\"286\" \/><\/p>\n<\/div>\n<\/figure>\n<\/div>\n<\/div>\n<\/div>\n<\/div>\n<div class=\"vc_row wpb_row vc_row-fluid\">\n<div class=\"wpb_column vc_column_container vc_col-sm-6\">\n<div class=\"vc_column-inner \">\n<div class=\"wpb_wrapper\">\n<div class=\"wpb_text_column wpb_content_element vc_custom_1435156775613\">\n<div class=\"wpb_wrapper\">\n<p><strong>Moulage d&#8217;un ch\u00e2piteau.<\/strong><\/p>\n<p><strong>\u00a0<\/strong><img loading=\"lazy\" decoding=\"async\" class=\"vc_single_image-img attachment-full lazyloaded alignleft\" src=\"http:\/\/berliner-schloss.de\/wp-content\/uploads\/berliner_extrablatt_ausgabe-83_low_seite_35_bild_0002.jpg\" alt=\"\" width=\"380\" height=\"286\" \/><\/p>\n<p>&nbsp;<\/p>\n<p>&nbsp;<\/p>\n<p>&nbsp;<\/p>\n<\/div>\n<\/div>\n<\/div>\n<\/div>\n<\/div>\n<\/div>\n<\/div>\n<div class=\"vc_row wpb_row vc_row-fluid\">\n<div class=\"wpb_column vc_column_container vc_col-sm-6\">\n<div class=\"vc_column-inner \">\n<div class=\"wpb_wrapper\">\n<div class=\"wpb_single_image wpb_content_element vc_align_center\">\n<figure class=\"wpb_wrapper vc_figure\">\n<div class=\"vc_single_image-wrapper vc_box_border_grey\"><img loading=\"lazy\" decoding=\"async\" class=\"vc_single_image-img attachment-full lazyloaded alignleft\" src=\"http:\/\/berliner-schloss.de\/wp-content\/uploads\/berliner_extrablatt_ausgabe-83_low_seite_35_bild_0005.jpg\" alt=\"\" width=\"380\" height=\"286\" \/><\/div>\n<\/figure>\n<\/div>\n<\/div>\n<\/div>\n<\/div>\n<div class=\"wpb_column vc_column_container vc_col-sm-6\"><\/div>\n<div class=\"wpb_column vc_column_container vc_col-sm-6\"><\/div>\n<div class=\"wpb_column vc_column_container vc_col-sm-6\"><\/div>\n<div class=\"wpb_column vc_column_container vc_col-sm-6\"><\/div>\n<div class=\"wpb_column vc_column_container vc_col-sm-6\"><\/div>\n<div class=\"wpb_column vc_column_container vc_col-sm-6\"><\/div>\n<\/div>\n<div class=\"vc_row wpb_row vc_row-fluid\"><\/div>\n<div class=\"vc_row wpb_row vc_row-fluid\">\n<div class=\"wpb_column vc_column_container vc_col-sm-12\">\n<div class=\"vc_column-inner \">\n<div class=\"wpb_wrapper\">\n<div class=\"wpb_text_column wpb_content_element vc_custom_1475590947239\">\n<div class=\"wpb_wrapper\">\n<p><em>\u00a0<\/em><\/p>\n<\/div>\n<\/div>\n<\/div>\n<\/div>\n<\/div>\n<\/div>\n<div class=\"vc_row wpb_row vc_row-fluid\">\n<div class=\"wpb_column vc_column_container vc_col-sm-6\">\n<div class=\"vc_column-inner \">\n<div class=\"wpb_wrapper\">\n<div class=\"wpb_single_image wpb_content_element vc_align_center\">\n<figure class=\"wpb_wrapper vc_figure\">\n<div class=\"vc_single_image-wrapper vc_box_border_grey\"><img loading=\"lazy\" decoding=\"async\" class=\"vc_single_image-img attachment-full lazyloaded alignleft\" src=\"http:\/\/berliner-schloss.de\/wp-content\/uploads\/berliner_extrablatt_ausgabe-83_low_seite_35_bild_0006.jpg\" alt=\"\" width=\"380\" height=\"286\" \/>\u00a0\u00a0 \u00a0 \u00a0 \u00a0 \u00a0 <img loading=\"lazy\" decoding=\"async\" class=\"vc_single_image-img attachment-full lazyloaded alignleft\" src=\"http:\/\/berliner-schloss.de\/wp-content\/uploads\/berliner_extrablatt_ausgabe-83_low_seite_35_bild_0003.jpg\" alt=\"\" width=\"380\" height=\"286\" \/><\/div>\n<\/figure>\n<\/div>\n<\/div>\n<\/div>\n<\/div>\n<div class=\"wpb_column vc_column_container vc_col-sm-6\"><\/div>\n<div class=\"wpb_column vc_column_container vc_col-sm-6\"><\/div>\n<div class=\"wpb_column vc_column_container vc_col-sm-6\"><\/div>\n<div class=\"wpb_column vc_column_container vc_col-sm-6\"><\/div>\n<div class=\"wpb_column vc_column_container vc_col-sm-6\"><\/div>\n<div class=\"wpb_column vc_column_container vc_col-sm-6\"><\/div>\n<div class=\"wpb_column vc_column_container vc_col-sm-6\"><\/div>\n<div class=\"wpb_column vc_column_container vc_col-sm-6\"><\/div>\n<div class=\"wpb_column vc_column_container vc_col-sm-6\"><\/div>\n<div class=\"wpb_column vc_column_container vc_col-sm-6\"><\/div>\n<div class=\"wpb_column vc_column_container vc_col-sm-6\"><\/div>\n<div class=\"wpb_column vc_column_container vc_col-sm-6\"><\/div>\n<div class=\"wpb_column vc_column_container vc_col-sm-6\"><\/div>\n<div class=\"wpb_column vc_column_container vc_col-sm-6\"><\/div>\n<div class=\"wpb_column vc_column_container vc_col-sm-6\"><\/div>\n<div class=\"wpb_column vc_column_container vc_col-sm-6\"><\/div>\n<div class=\"wpb_column vc_column_container vc_col-sm-6\"><\/div>\n<div class=\"wpb_column vc_column_container vc_col-sm-6\" style=\"text-align: left\"><\/div>\n<div class=\"wpb_column vc_column_container vc_col-sm-6\" style=\"text-align: left\">\n<p class=\"wpb_column vc_column_container vc_col-sm-6\"><strong>Les pl\u00e2tiers remplissent les formes en n\u00e9gatif avec du pl\u00e2tre liquide. Ainsi le tailleur de pierre peut travailler \u00e0 partir d&#8217;un positif.<br \/>\n<\/strong><\/p>\n<p><em>(Photos : tailleurs de pierre Frank K\u00f6sler, Berlin et Christian Ortlepp, Berlin)<\/em><\/p>\n<\/div>\n<\/div>\n<\/div>\n<\/div>\n<\/div>","protected":false},"excerpt":{"rendered":"<p>Le ch\u00e2teau de Berlin avant la 2e guerre mondiale La fa\u00e7ade Nord du ch\u00e2teau de Berlin donnant sur le Lustgarten. La reconstruction de la terrasse historique du Lustgarten datant du [&hellip;]<\/p>\n","protected":false},"author":4,"featured_media":550942,"comment_status":"open","ping_status":"open","sticky":false,"template":"","format":"standard","meta":{"_acf_changed":false,"footnotes":""},"categories":[1],"tags":[],"class_list":["post-550910","post","type-post","status-publish","format-standard","has-post-thumbnail","hentry","category-allgemein"],"acf":[],"_links":{"self":[{"href":"https:\/\/berliner-schloss.de\/fr\/wp-json\/wp\/v2\/posts\/550910","targetHints":{"allow":["GET"]}}],"collection":[{"href":"https:\/\/berliner-schloss.de\/fr\/wp-json\/wp\/v2\/posts"}],"about":[{"href":"https:\/\/berliner-schloss.de\/fr\/wp-json\/wp\/v2\/types\/post"}],"author":[{"embeddable":true,"href":"https:\/\/berliner-schloss.de\/fr\/wp-json\/wp\/v2\/users\/4"}],"replies":[{"embeddable":true,"href":"https:\/\/berliner-schloss.de\/fr\/wp-json\/wp\/v2\/comments?post=550910"}],"version-history":[{"count":27,"href":"https:\/\/berliner-schloss.de\/fr\/wp-json\/wp\/v2\/posts\/550910\/revisions"}],"predecessor-version":[{"id":550941,"href":"https:\/\/berliner-schloss.de\/fr\/wp-json\/wp\/v2\/posts\/550910\/revisions\/550941"}],"wp:featuredmedia":[{"embeddable":true,"href":"https:\/\/berliner-schloss.de\/fr\/wp-json\/wp\/v2\/media\/550942"}],"wp:attachment":[{"href":"https:\/\/berliner-schloss.de\/fr\/wp-json\/wp\/v2\/media?parent=550910"}],"wp:term":[{"taxonomy":"category","embeddable":true,"href":"https:\/\/berliner-schloss.de\/fr\/wp-json\/wp\/v2\/categories?post=550910"},{"taxonomy":"post_tag","embeddable":true,"href":"https:\/\/berliner-schloss.de\/fr\/wp-json\/wp\/v2\/tags?post=550910"}],"curies":[{"name":"wp","href":"https:\/\/api.w.org\/{rel}","templated":true}]}}