{"id":550840,"date":"2016-03-27T09:05:04","date_gmt":"2016-03-27T09:05:04","guid":{"rendered":"http:\/\/berliner-schloss.de\/fr\/?p=550840"},"modified":"2016-04-20T09:11:45","modified_gmt":"2016-04-20T09:11:45","slug":"visites-guidees-du-chantier-du-chateau","status":"publish","type":"post","link":"https:\/\/berliner-schloss.de\/fr\/allgemein\/visites-guidees-du-chantier-du-chateau\/","title":{"rendered":"Visites guid\u00e9es du chantier du ch\u00e2teau du 27 mars au 5 juin 2016"},"content":{"rendered":"<div class=\"entry-content\">\n<p>A partir du dimanche 27 mars jusqu&#8217;au 5 juin, sont organis\u00e9es des visites guid\u00e9es du chantier par la Fondation Stiftung Berliner Schloss &#8211; Humboldt Forum. Tous les dimanches \u00e0 11h, 13, 15h et 17h.<\/p>\n<p>La visite dure environ 1h30 et comprend l&#8217;acc\u00e8s au rez-de-chauss\u00e9e ainsi qu&#8217;au premier \u00e9tage. Les visiteurs ont une extraordinaire vue d&#8217;ensemble du futur Humboldt Forum et sont inform\u00e9s sur le concept architectural, l&#8217;avanc\u00e9e des travaux et les planifications culturelles du futur Humboldt Forum, lieu de dialogue des cultures du mondesur l\u00eele aux mus\u00e9es au coeur de la capitale allemande.<\/p>\n<p>Les tickets d&#8217;entr\u00e9e sont vendus \u00e0 la caisse de la<strong> Humboldt-Box<\/strong> ainsi qu&#8217;en ligne<\/p>\n<p><a href=\"http:\/\/www.sbs-humboldtforum.de\/de\/Berliner-Schloss\/Fuehrungen\/\" target=\"_blank\">www.sbs-humboldtforum.de\/de\/Berliner-Schloss\/Fuehrungen<\/a><\/p>\n<p><strong>Le tarif est de 18 \u20ac ou r\u00e9duit 12 \u20ac.<\/strong><\/p>\n<\/div>\n<div class=\"entry-content\">\n<p><img loading=\"lazy\" decoding=\"async\" class=\"wp-image-552023 alignleft\" src=\"http:\/\/berliner-schloss.de\/wp-content\/uploads\/baustellen-fuehrung-ockert-300x215.jpeg\" alt=\"Baustellen-Fuehrung-Ockert\" width=\"267\" height=\"191\" \/><\/p>\n<p><em>&#8220;Cela nous fait plaisir de voir que la curiosit\u00e9 concernant le ch\u00e2teau de Berlin &#8211; Humboldt Forum est toujours aussi importante&#8221;<\/em>, d\u00e9clare\u00a0Johannes Wien, responsable commercial au sein du conseil de la fondation Stiftung Berliner Schloss \u2013 Humboldtforum.<\/p>\n<p>Pour plus d&#8217;informations :<a href=\"http:\/\/www.berliner-schloss.de\/fr\"> www.berliner-schloss.de\/fr<\/a><\/p>\n<\/div>\n","protected":false},"excerpt":{"rendered":"<p>A partir du dimanche 27 mars jusqu&#8217;au 5 juin, sont organis\u00e9es des visites guid\u00e9es du chantier par la Fondation Stiftung Berliner Schloss &#8211; Humboldt Forum. Tous les dimanches \u00e0 11h, [&hellip;]<\/p>\n","protected":false},"author":4,"featured_media":0,"comment_status":"open","ping_status":"open","sticky":false,"template":"","format":"standard","meta":{"_acf_changed":false,"footnotes":""},"categories":[1],"tags":[],"class_list":["post-550840","post","type-post","status-publish","format-standard","hentry","category-allgemein"],"acf":[],"_links":{"self":[{"href":"https:\/\/berliner-schloss.de\/fr\/wp-json\/wp\/v2\/posts\/550840","targetHints":{"allow":["GET"]}}],"collection":[{"href":"https:\/\/berliner-schloss.de\/fr\/wp-json\/wp\/v2\/posts"}],"about":[{"href":"https:\/\/berliner-schloss.de\/fr\/wp-json\/wp\/v2\/types\/post"}],"author":[{"embeddable":true,"href":"https:\/\/berliner-schloss.de\/fr\/wp-json\/wp\/v2\/users\/4"}],"replies":[{"embeddable":true,"href":"https:\/\/berliner-schloss.de\/fr\/wp-json\/wp\/v2\/comments?post=550840"}],"version-history":[{"count":4,"href":"https:\/\/berliner-schloss.de\/fr\/wp-json\/wp\/v2\/posts\/550840\/revisions"}],"predecessor-version":[{"id":550846,"href":"https:\/\/berliner-schloss.de\/fr\/wp-json\/wp\/v2\/posts\/550840\/revisions\/550846"}],"wp:attachment":[{"href":"https:\/\/berliner-schloss.de\/fr\/wp-json\/wp\/v2\/media?parent=550840"}],"wp:term":[{"taxonomy":"category","embeddable":true,"href":"https:\/\/berliner-schloss.de\/fr\/wp-json\/wp\/v2\/categories?post=550840"},{"taxonomy":"post_tag","embeddable":true,"href":"https:\/\/berliner-schloss.de\/fr\/wp-json\/wp\/v2\/tags?post=550840"}],"curies":[{"name":"wp","href":"https:\/\/api.w.org\/{rel}","templated":true}]}}