{"id":550444,"date":"2015-04-09T09:10:11","date_gmt":"2015-04-09T09:10:11","guid":{"rendered":"http:\/\/berliner-schloss.de\/fr\/?p=550444"},"modified":"2015-04-10T07:34:31","modified_gmt":"2015-04-10T07:34:31","slug":"au-printemps-2015-la-construction-des-faades-du-chteau-est-lance","status":"publish","type":"post","link":"https:\/\/berliner-schloss.de\/fr\/allgemein\/au-printemps-2015-la-construction-des-faades-du-chteau-est-lance\/","title":{"rendered":"Au printemps 2015, la construction des fa\u00e7ades du ch\u00e2teau est lanc\u00e9e."},"content":{"rendered":"<p><strong>Au printemps 2015, la construction des fa\u00e7ades du ch\u00e2teau est lanc\u00e9e. <\/strong><\/p>\n<p>&nbsp;<\/p>\n<p>Fin 2014, la structure du ch\u00e2teau de Berlin est presque termin\u00e9e. En hiver a commenc\u00e9 donc la menuiserie int\u00e9rieure et au printemps, tant que le temps le permettra, la construction des murs des fa\u00e7ades. Presque tous les march\u00e9s ont \u00e9t\u00e9 distribu\u00e9s en 2014 au niveau national. Au pr\u00e9alable, toutes les pierres vont \u00eatre pr\u00e9par\u00e9es pour les soubassements et le rez-de-chauss\u00e9e, par la suite celles pour les \u00e9tages en remontant jusqu\u2019\u00e0 la balustrade.<\/p>\n<p>Ainsi la disponibilit\u00e9 au moment voulu de tous les \u00e9l\u00e9ments pour la construction est garantie.<\/p>\n<p>Les fa\u00e7ades pourront ainsi \u00eatre termin\u00e9es en 2018. Uniquement les sculptures et les balustrades qui peuvent \u00eatre install\u00e9es apr\u00e8s le retrait des \u00e9chafaudages avec une grue mobile sont pr\u00e9vues pour plus tard. Nous partons du principe que tous les \u00e9l\u00e9ments des fa\u00e7ades seront install\u00e9s jusqu\u2019\u00e0 l\u2019inauguration du ch\u00e2teau de Berlin. Le peu de vestiges historiques sera en grande partie int\u00e9gr\u00e9 s\u2019ils ont une surface visible de plus de 40&#215;40 cm et une stabilit\u00e9 suffisante pour un r\u00e9-encastrement.<\/p>\n<p>Les sculptures comme les pilastres repr\u00e9sentant le printemps et l\u2019\u00e9t\u00e9 qui ont \u00e9t\u00e9 dynamit\u00e9s avec le portail V vont \u00eatre prudemment remplac\u00e9es afin de conserver l\u2019impression g\u00e9n\u00e9rale d\u2019un portrait complet. Nous sommes conscients que les petits d\u00e9g\u00e2ts ne peuvent pas \u00eatre r\u00e9par\u00e9s pour rendre apparent les blessures de la destruction et l\u2019entreposage sauvage. Ainsi peut-on voir \u00e0 certains endroits l\u2019histoire de la destruction de l\u2019\u00e9difice pr\u00e9c\u00e9dent. Les vestiges architecturaux que nous voulons rendre visible se concentreront autour du portail V du c\u00f4t\u00e9 du Lustgarten. Les sculptures historiques instables seront expos\u00e9es au niveau des anciens escaliers des G\u00e9ants dans une glyptoth\u00e8que.<\/p>\n<p>La majorit\u00e9 des sculptures et des \u00e9l\u00e9ments architecturaux doit n\u00e9anmoins \u00eatre enti\u00e8rement reconstruite. Ils ont d\u00e9j\u00e0 \u00e9t\u00e9 moul\u00e9s et sont en cours de sculpture dans le gr\u00e8s. La reconstruction remplace les \u00e9l\u00e9ments manquants et ne reprend donc pas les d\u00e9t\u00e9riorations.<\/p>\n<p>Dans les carri\u00e8res de pierres en Saxe et en r\u00e9publique tch\u00e8que ainsi qu\u2019\u00e0 Warthau en Sil\u00e9sie sont constitu\u00e9es 8000 tonnes de gr\u00e8s sp\u00e9cifiques. La qualit\u00e9 a \u00e9t\u00e9 d\u00e9finie lors de contr\u00f4les techniques pr\u00e9alables en coop\u00e9ration avec les experts en sculpture.<\/p>\n<p>Ainsi 3 diff\u00e9rents grades de duret\u00e9 de la pierre sont pris en compte\u00a0: le gr\u00e8s le plus dur est utilis\u00e9 pour les parties architecturales qui sont le plus expos\u00e9es aux conditions m\u00e9t\u00e9orologiques. Il garantit une longue durabilit\u00e9 mais n\u2019est pas id\u00e9al pour les \u00e9l\u00e9ments sculpt\u00e9s.<\/p>\n<p>Des pierres mi-dures seront utilis\u00e9es pour l\u2019ornementation architecturale. D\u00e9j\u00e0 Andreas Schl\u00fcter avait fait attention \u00e0 ce que ces pierres soient ou prot\u00e9g\u00e9es par du m\u00e9tal ou du plomb ou int\u00e9gr\u00e9es dans des zones de fa\u00e7ades moins expos\u00e9es, comme par exemple pour les aigles sous la corniche principale tout en haut du ch\u00e2teau.<\/p>\n<p>De m\u00eame, les couleurs de pierres ont \u00e9t\u00e9 pr\u00e9alablement choisies\u00a0: une pierre ayant une couleur apaisante avec une tendance gris-jaune pour que les fa\u00e7ades ne soient pas trop color\u00e9es et fassent effet sur la beaut\u00e9 des sculptures et des profils.<\/p>\n<p>A l\u2019\u00e9t\u00e9 2015 vous pourrez d\u00e9j\u00e0 voir \u00e0 plusieurs endroits du ch\u00e2teau les premiers r\u00e9sultats. Nous attendons avec impatience ce moment\u00a0!<\/p>\n","protected":false},"excerpt":{"rendered":"<p>Au printemps 2015, la construction des fa\u00e7ades du ch\u00e2teau est lanc\u00e9e. &nbsp; Fin 2014, la structure du ch\u00e2teau de Berlin est presque termin\u00e9e. En hiver a commenc\u00e9 donc la menuiserie [&hellip;]<\/p>\n","protected":false},"author":4,"featured_media":550689,"comment_status":"open","ping_status":"open","sticky":false,"template":"","format":"standard","meta":{"_acf_changed":false,"footnotes":""},"categories":[1],"tags":[],"class_list":["post-550444","post","type-post","status-publish","format-standard","has-post-thumbnail","hentry","category-allgemein"],"acf":[],"_links":{"self":[{"href":"https:\/\/berliner-schloss.de\/fr\/wp-json\/wp\/v2\/posts\/550444","targetHints":{"allow":["GET"]}}],"collection":[{"href":"https:\/\/berliner-schloss.de\/fr\/wp-json\/wp\/v2\/posts"}],"about":[{"href":"https:\/\/berliner-schloss.de\/fr\/wp-json\/wp\/v2\/types\/post"}],"author":[{"embeddable":true,"href":"https:\/\/berliner-schloss.de\/fr\/wp-json\/wp\/v2\/users\/4"}],"replies":[{"embeddable":true,"href":"https:\/\/berliner-schloss.de\/fr\/wp-json\/wp\/v2\/comments?post=550444"}],"version-history":[{"count":1,"href":"https:\/\/berliner-schloss.de\/fr\/wp-json\/wp\/v2\/posts\/550444\/revisions"}],"predecessor-version":[{"id":550676,"href":"https:\/\/berliner-schloss.de\/fr\/wp-json\/wp\/v2\/posts\/550444\/revisions\/550676"}],"wp:featuredmedia":[{"embeddable":true,"href":"https:\/\/berliner-schloss.de\/fr\/wp-json\/wp\/v2\/media\/550689"}],"wp:attachment":[{"href":"https:\/\/berliner-schloss.de\/fr\/wp-json\/wp\/v2\/media?parent=550444"}],"wp:term":[{"taxonomy":"category","embeddable":true,"href":"https:\/\/berliner-schloss.de\/fr\/wp-json\/wp\/v2\/categories?post=550444"},{"taxonomy":"post_tag","embeddable":true,"href":"https:\/\/berliner-schloss.de\/fr\/wp-json\/wp\/v2\/tags?post=550444"}],"curies":[{"name":"wp","href":"https:\/\/api.w.org\/{rel}","templated":true}]}}